{"id":8386,"date":"2018-05-25T19:07:52","date_gmt":"2018-05-25T19:07:52","guid":{"rendered":"https:\/\/archivesnicolastreatt.net\/newversion\/?p=8386"},"modified":"2018-05-25T19:08:03","modified_gmt":"2018-05-25T19:08:03","slug":"le-prix-de-la-revolte-au-marche-noir-1967","status":"publish","type":"post","link":"https:\/\/archivesnicolastreatt.net\/newversion\/2018\/05\/25\/le-prix-de-la-revolte-au-marche-noir-1967\/","title":{"rendered":"Le Prix de la r\u00e9volte au march\u00e9 noir, 1968"},"content":{"rendered":"<p>de Dimitris <strong>Dimitriadis<\/strong>. Traduction Victor Galanis.<br \/>\nAdaptation Patrice Ch\u00e9reau. Cr\u00e9ation octobre 1968.<br \/>\nMise en sc\u00e8ne <strong>Patrice Ch\u00e9reau<\/strong>.<strong> Th\u00e9\u00e2tre de la Commune d&rsquo;Aubervilliers<\/strong> (Aubervilliers)<br \/>\nSc\u00e9nographie Patrice Ch\u00e9reau.<\/p>\n<p><em>Interpr\u00e9tation : Claude Aufaure (un \u00e9tudiant-com\u00e9dien), Armand Babel (le Ministre), Maurice B\u00e9nichou (un \u00e9tudiant-com\u00e9dien), Fran\u00e7ois Berthet (un \u00e9tudiant-com\u00e9dien), Roland Bertin (le Roi), Tobias Engel (un \u00e9tudiant-com\u00e9dien), Maria F\u00e9ro (la Femme du ministre), Mich\u00e8le Foucher (une \u00e9tudiante-com\u00e9dienne), Catherine Froment (une \u00e9tudiante-com\u00e9dienne), Jean-Marie Lancelot (le Directeur de la troupe), Michelle Lemonnier (une \u00e9tudiante-com\u00e9dienne), Michelle Marquais (la Reine), Yves Savel (un \u00e9tudiant-com\u00e9dien), Jacques Seiler, H\u00e9l\u00e8ne Vincent (une \u00e9tudiante-com\u00e9dienne).<\/em><\/p>\nngg_shortcode_0_placeholder\n","protected":false},"excerpt":{"rendered":"<p>de Dimitris Dimitriadis. Traduction Victor Galanis. Adaptation Patrice Ch\u00e9reau. Cr\u00e9ation octobre 1968. Mise en sc\u00e8ne Patrice Ch\u00e9reau. Th\u00e9\u00e2tre de la Commune d&rsquo;Aubervilliers (Aubervilliers) Sc\u00e9nographie Patrice Ch\u00e9reau. Interpr\u00e9tation : Claude Aufaure (un \u00e9tudiant-com\u00e9dien), Armand Babel (le Ministre), Maurice B\u00e9nichou (un \u00e9tudiant-com\u00e9dien), Fran\u00e7ois Berthet (un \u00e9tudiant-com\u00e9dien), Roland Bertin (le Roi), Tobias Engel (un \u00e9tudiant-com\u00e9dien), Maria F\u00e9ro (la Femme du ministre), Mich\u00e8le Foucher (une \u00e9tudiante-com\u00e9dienne), Catherine Froment (une \u00e9tudiante-com\u00e9dienne), Jean-Marie Lancelot (le Directeur de la troupe), Michelle Lemonnier (une \u00e9tudiante-com\u00e9dienne), Michelle Marquais (la Reine), Yves Savel (un \u00e9tudiant-com\u00e9dien), Jacques Seiler, H\u00e9l\u00e8ne Vincent (une \u00e9tudiante-com\u00e9dienne).<\/p>\n","protected":false},"author":1,"featured_media":8387,"comment_status":"open","ping_status":"open","sticky":false,"template":"","format":"standard","meta":{"ngg_post_thumbnail":0,"footnotes":""},"categories":[4],"tags":[448,10,260],"class_list":["post-8386","post","type-post","status-publish","format-standard","has-post-thumbnail","hentry","category-spectacles","tag-dimitriadis","tag-patrice-chereau","tag-theatre-de-la-commune-daubervilliers"],"_links":{"self":[{"href":"https:\/\/archivesnicolastreatt.net\/newversion\/wp-json\/wp\/v2\/posts\/8386","targetHints":{"allow":["GET"]}}],"collection":[{"href":"https:\/\/archivesnicolastreatt.net\/newversion\/wp-json\/wp\/v2\/posts"}],"about":[{"href":"https:\/\/archivesnicolastreatt.net\/newversion\/wp-json\/wp\/v2\/types\/post"}],"author":[{"embeddable":true,"href":"https:\/\/archivesnicolastreatt.net\/newversion\/wp-json\/wp\/v2\/users\/1"}],"replies":[{"embeddable":true,"href":"https:\/\/archivesnicolastreatt.net\/newversion\/wp-json\/wp\/v2\/comments?post=8386"}],"version-history":[{"count":0,"href":"https:\/\/archivesnicolastreatt.net\/newversion\/wp-json\/wp\/v2\/posts\/8386\/revisions"}],"wp:featuredmedia":[{"embeddable":true,"href":"https:\/\/archivesnicolastreatt.net\/newversion\/wp-json\/wp\/v2\/media\/8387"}],"wp:attachment":[{"href":"https:\/\/archivesnicolastreatt.net\/newversion\/wp-json\/wp\/v2\/media?parent=8386"}],"wp:term":[{"taxonomy":"category","embeddable":true,"href":"https:\/\/archivesnicolastreatt.net\/newversion\/wp-json\/wp\/v2\/categories?post=8386"},{"taxonomy":"post_tag","embeddable":true,"href":"https:\/\/archivesnicolastreatt.net\/newversion\/wp-json\/wp\/v2\/tags?post=8386"}],"curies":[{"name":"wp","href":"https:\/\/api.w.org\/{rel}","templated":true}]}}