{"id":8371,"date":"2018-05-25T15:39:10","date_gmt":"2018-05-25T15:39:10","guid":{"rendered":"https:\/\/archivesnicolastreatt.net\/newversion\/?p=8371"},"modified":"2018-05-25T15:39:42","modified_gmt":"2018-05-25T15:39:42","slug":"la-dispute-1973","status":"publish","type":"post","link":"https:\/\/archivesnicolastreatt.net\/newversion\/2018\/05\/25\/la-dispute-1973\/","title":{"rendered":"La dispute, 1973"},"content":{"rendered":"<p>de <strong>Marivaux<\/strong>. Cr\u00e9ation le 24 octobre 1973.<br \/>\nMise en sc\u00e8ne <strong>Patrice Ch\u00e9reau<\/strong>. <strong>Festival d&rsquo;Automne (Paris)<br \/>\nSc\u00e9nographie Richard Peduzzi.<\/strong><\/p>\n<p><em>Interpr\u00e9tation : Thomas Anderson (Mesrou), Norma Bengell (Hermiane) puis V\u00e9ronique Silver, Roland Bertin (Le Prince), Laurence Bourdil (Egl\u00e9), Patrice Finet (Meslis), Christine Gagneux (Une femme), Hermine Karagheuz (Adine), Elisabeth Kaza (Une suivante), Mabel King (Carise), Alain Libolt (Mesrin), Christine Moro (Dina), Lubov Nusser (Une suivante), Hugues Quester (Azor).<\/em><\/p>\n<p>&nbsp;<\/p>\nngg_shortcode_0_placeholder\n<p><em>&nbsp;<\/em><\/p>\n","protected":false},"excerpt":{"rendered":"<p>de Marivaux. Cr\u00e9ation le 24 octobre 1973. Mise en sc\u00e8ne Patrice Ch\u00e9reau. Festival d&rsquo;Automne (Paris) Sc\u00e9nographie Richard Peduzzi. Interpr\u00e9tation : Thomas Anderson (Mesrou), Norma Bengell (Hermiane) puis V\u00e9ronique Silver, Roland Bertin (Le Prince), Laurence Bourdil (Egl\u00e9), Patrice Finet (Meslis), Christine Gagneux (Une femme), Hermine Karagheuz (Adine), Elisabeth Kaza (Une suivante), Mabel King (Carise), Alain Libolt (Mesrin), Christine Moro (Dina), Lubov Nusser (Une suivante), Hugues Quester (Azor). &nbsp; &nbsp;<\/p>\n","protected":false},"author":1,"featured_media":8372,"comment_status":"open","ping_status":"open","sticky":false,"template":"","format":"standard","meta":{"ngg_post_thumbnail":0,"footnotes":""},"categories":[4],"tags":[377,389,10],"class_list":["post-8371","post","type-post","status-publish","format-standard","has-post-thumbnail","hentry","category-spectacles","tag-festival-dautomne-paris","tag-marivaux","tag-patrice-chereau"],"_links":{"self":[{"href":"https:\/\/archivesnicolastreatt.net\/newversion\/wp-json\/wp\/v2\/posts\/8371","targetHints":{"allow":["GET"]}}],"collection":[{"href":"https:\/\/archivesnicolastreatt.net\/newversion\/wp-json\/wp\/v2\/posts"}],"about":[{"href":"https:\/\/archivesnicolastreatt.net\/newversion\/wp-json\/wp\/v2\/types\/post"}],"author":[{"embeddable":true,"href":"https:\/\/archivesnicolastreatt.net\/newversion\/wp-json\/wp\/v2\/users\/1"}],"replies":[{"embeddable":true,"href":"https:\/\/archivesnicolastreatt.net\/newversion\/wp-json\/wp\/v2\/comments?post=8371"}],"version-history":[{"count":0,"href":"https:\/\/archivesnicolastreatt.net\/newversion\/wp-json\/wp\/v2\/posts\/8371\/revisions"}],"wp:featuredmedia":[{"embeddable":true,"href":"https:\/\/archivesnicolastreatt.net\/newversion\/wp-json\/wp\/v2\/media\/8372"}],"wp:attachment":[{"href":"https:\/\/archivesnicolastreatt.net\/newversion\/wp-json\/wp\/v2\/media?parent=8371"}],"wp:term":[{"taxonomy":"category","embeddable":true,"href":"https:\/\/archivesnicolastreatt.net\/newversion\/wp-json\/wp\/v2\/categories?post=8371"},{"taxonomy":"post_tag","embeddable":true,"href":"https:\/\/archivesnicolastreatt.net\/newversion\/wp-json\/wp\/v2\/tags?post=8371"}],"curies":[{"name":"wp","href":"https:\/\/api.w.org\/{rel}","templated":true}]}}