{"id":7952,"date":"2018-06-02T20:54:02","date_gmt":"2018-06-02T20:54:02","guid":{"rendered":"https:\/\/archivesnicolastreatt.net\/newversion\/?p=7952"},"modified":"2018-06-02T20:54:20","modified_gmt":"2018-06-02T20:54:20","slug":"jeune-fille-violaine-dusseaux-1976","status":"publish","type":"post","link":"https:\/\/archivesnicolastreatt.net\/newversion\/2018\/06\/02\/jeune-fille-violaine-dusseaux-1976\/","title":{"rendered":"La jeune fille Violaine,  1977"},"content":{"rendered":"<p>de Paul <strong>Claudel<\/strong>. Cr\u00e9ation 1977<br \/>\nMise en sc\u00e8ne <strong>Jean-Pierre Duss\u00e9aux.<\/strong> <strong>Bioth\u00e9\u00e2tre<\/strong> (Paris).<br \/>\nSc\u00e9nographie Alain Batifoulier.<\/p>\n<p><em>Interpr\u00e9tation : Chantal Bronner (Mara), Catherine Gandois (Violaine), H\u00e9l\u00e8ne Vallier (la M\u00e8re), G\u00e9rald Robard (Jacques Huzy) puis Didier Sandre, Marcel Imhoff (Anne Vercors), Marcel Dossogne (Pierre de Craon).<\/em><\/p>\nngg_shortcode_0_placeholder\n","protected":false},"excerpt":{"rendered":"<p>de Paul Claudel. Cr\u00e9ation 1977 Mise en sc\u00e8ne Jean-Pierre Duss\u00e9aux. Bioth\u00e9\u00e2tre (Paris). Sc\u00e9nographie Alain Batifoulier. Interpr\u00e9tation : Chantal Bronner (Mara), Catherine Gandois (Violaine), H\u00e9l\u00e8ne Vallier (la M\u00e8re), G\u00e9rald Robard (Jacques Huzy) puis Didier Sandre, Marcel Imhoff (Anne Vercors), Marcel Dossogne (Pierre de Craon).<\/p>\n","protected":false},"author":1,"featured_media":7953,"comment_status":"open","ping_status":"open","sticky":false,"template":"","format":"standard","meta":{"ngg_post_thumbnail":0,"footnotes":""},"categories":[4],"tags":[496,112,495],"class_list":["post-7952","post","type-post","status-publish","format-standard","has-post-thumbnail","hentry","category-spectacles","tag-biotheatre","tag-claudel","tag-jean-pierre-dusseaux"],"_links":{"self":[{"href":"https:\/\/archivesnicolastreatt.net\/newversion\/wp-json\/wp\/v2\/posts\/7952","targetHints":{"allow":["GET"]}}],"collection":[{"href":"https:\/\/archivesnicolastreatt.net\/newversion\/wp-json\/wp\/v2\/posts"}],"about":[{"href":"https:\/\/archivesnicolastreatt.net\/newversion\/wp-json\/wp\/v2\/types\/post"}],"author":[{"embeddable":true,"href":"https:\/\/archivesnicolastreatt.net\/newversion\/wp-json\/wp\/v2\/users\/1"}],"replies":[{"embeddable":true,"href":"https:\/\/archivesnicolastreatt.net\/newversion\/wp-json\/wp\/v2\/comments?post=7952"}],"version-history":[{"count":0,"href":"https:\/\/archivesnicolastreatt.net\/newversion\/wp-json\/wp\/v2\/posts\/7952\/revisions"}],"wp:featuredmedia":[{"embeddable":true,"href":"https:\/\/archivesnicolastreatt.net\/newversion\/wp-json\/wp\/v2\/media\/7953"}],"wp:attachment":[{"href":"https:\/\/archivesnicolastreatt.net\/newversion\/wp-json\/wp\/v2\/media?parent=7952"}],"wp:term":[{"taxonomy":"category","embeddable":true,"href":"https:\/\/archivesnicolastreatt.net\/newversion\/wp-json\/wp\/v2\/categories?post=7952"},{"taxonomy":"post_tag","embeddable":true,"href":"https:\/\/archivesnicolastreatt.net\/newversion\/wp-json\/wp\/v2\/tags?post=7952"}],"curies":[{"name":"wp","href":"https:\/\/api.w.org\/{rel}","templated":true}]}}