{"id":7804,"date":"2018-04-09T10:31:54","date_gmt":"2018-04-09T10:31:54","guid":{"rendered":"https:\/\/archivesnicolastreatt.net\/newversion\/?p=7804"},"modified":"2018-04-09T10:32:32","modified_gmt":"2018-04-09T10:32:32","slug":"palazzo-mentale-1976","status":"publish","type":"post","link":"https:\/\/archivesnicolastreatt.net\/newversion\/2018\/04\/09\/palazzo-mentale-1976\/","title":{"rendered":"Palazzo Mentale, 1976"},"content":{"rendered":"<p>de Pierre <strong>Bourgeade<\/strong>.<br \/>\nMise en sc\u00e8ne <strong>Georges Lavaudant<\/strong>. <strong>Festival d&rsquo;Automne<\/strong>&nbsp;(Paris).<br \/>\nSc\u00e9nographie Jean-Pierre Vergier.<\/p>\n<p><em>Interpr\u00e9tation : Rido Bayonne (Le Marin), Marc Betton (L\u2019aveugle, Le gardien, le voyageur, Sbrigani, le Prussien), Jacques Castaldo (Le jockey, le serviteur, le tueur), Ariel Garcia Vald\u00e8s (Blackstone, Ralph), Dany Kogan (Socca Beatriz), G\u00e9rard Maimone (Le pianiste), H\u00e9lo\u00efse Mignot (la m\u00e8re), Gabriel Monnet (Guzman Virgil), Philippe Morier-Genoud (Kostka, Comte Stanislas, L\u2019officier)<\/em><br \/>\n<em> Michel Perez (Le guitariste), Annie Perret (La Comtesse), Charles Schmitt (Marcel Proust, Nosferatu, le vampire), Marie-Paule Trystram (Eva), Patricia Van Ginneken (Anna Amelia)<\/em><br \/>\n<em> Jean-Claude Wino (Le condamn\u00e9, Franz Kafka)<\/em><\/p>\nngg_shortcode_0_placeholder\n","protected":false},"excerpt":{"rendered":"<p>de Pierre Bourgeade. Mise en sc\u00e8ne Georges Lavaudant. Festival d&rsquo;Automne&nbsp;(Paris). Sc\u00e9nographie Jean-Pierre Vergier. Interpr\u00e9tation : Rido Bayonne (Le Marin), Marc Betton (L\u2019aveugle, Le gardien, le voyageur, Sbrigani, le Prussien), Jacques Castaldo (Le jockey, le serviteur, le tueur), Ariel Garcia Vald\u00e8s (Blackstone, Ralph), Dany Kogan (Socca Beatriz), G\u00e9rard Maimone (Le pianiste), H\u00e9lo\u00efse Mignot (la m\u00e8re), Gabriel Monnet (Guzman Virgil), Philippe Morier-Genoud (Kostka, Comte Stanislas, L\u2019officier) Michel Perez (Le guitariste), Annie Perret (La Comtesse), Charles Schmitt (Marcel Proust, Nosferatu, le vampire), Marie-Paule Trystram (Eva), Patricia Van Ginneken (Anna Amelia) Jean-Claude Wino (Le condamn\u00e9, Franz Kafka)<\/p>\n","protected":false},"author":1,"featured_media":7805,"comment_status":"open","ping_status":"open","sticky":false,"template":"","format":"standard","meta":{"ngg_post_thumbnail":0,"footnotes":""},"categories":[4],"tags":[396,17,395],"class_list":["post-7804","post","type-post","status-publish","format-standard","has-post-thumbnail","hentry","category-spectacles","tag-bourgeade","tag-festival-dautomne-a-paris","tag-georges-lavaudant"],"_links":{"self":[{"href":"https:\/\/archivesnicolastreatt.net\/newversion\/wp-json\/wp\/v2\/posts\/7804","targetHints":{"allow":["GET"]}}],"collection":[{"href":"https:\/\/archivesnicolastreatt.net\/newversion\/wp-json\/wp\/v2\/posts"}],"about":[{"href":"https:\/\/archivesnicolastreatt.net\/newversion\/wp-json\/wp\/v2\/types\/post"}],"author":[{"embeddable":true,"href":"https:\/\/archivesnicolastreatt.net\/newversion\/wp-json\/wp\/v2\/users\/1"}],"replies":[{"embeddable":true,"href":"https:\/\/archivesnicolastreatt.net\/newversion\/wp-json\/wp\/v2\/comments?post=7804"}],"version-history":[{"count":0,"href":"https:\/\/archivesnicolastreatt.net\/newversion\/wp-json\/wp\/v2\/posts\/7804\/revisions"}],"wp:featuredmedia":[{"embeddable":true,"href":"https:\/\/archivesnicolastreatt.net\/newversion\/wp-json\/wp\/v2\/media\/7805"}],"wp:attachment":[{"href":"https:\/\/archivesnicolastreatt.net\/newversion\/wp-json\/wp\/v2\/media?parent=7804"}],"wp:term":[{"taxonomy":"category","embeddable":true,"href":"https:\/\/archivesnicolastreatt.net\/newversion\/wp-json\/wp\/v2\/categories?post=7804"},{"taxonomy":"post_tag","embeddable":true,"href":"https:\/\/archivesnicolastreatt.net\/newversion\/wp-json\/wp\/v2\/tags?post=7804"}],"curies":[{"name":"wp","href":"https:\/\/api.w.org\/{rel}","templated":true}]}}