{"id":7060,"date":"2018-04-05T14:51:15","date_gmt":"2018-04-05T14:51:15","guid":{"rendered":"https:\/\/archivesnicolastreatt.net\/newversion\/?p=7060"},"modified":"2018-04-05T14:51:15","modified_gmt":"2018-04-05T14:51:15","slug":"le-diable-et-le-bon-dieu-1968","status":"publish","type":"post","link":"https:\/\/archivesnicolastreatt.net\/newversion\/2018\/04\/05\/le-diable-et-le-bon-dieu-1968\/","title":{"rendered":"Le diable et le bon dieu, 1968"},"content":{"rendered":"<p>de Jean-Paul<strong> Sartre<\/strong>.<br \/>\nMise en sc\u00e8ne <strong>Jean-Pierre Laruy.<\/strong> <strong>Centre Th\u00e9\u00e2tral du Limousin (Limoges)<\/strong><br \/>\nSc\u00e9nographie Georges-Henri R\u00e9gnier.<\/p>\n<p><em>Interpr\u00e9tation : Monica Boucheix (Coryph\u00e9e II, L\u2019instructrice), Maurice Cimber (Le banquier), Claire Deluca (Catherine), Jean-Pierre Dorian (L\u2019\u00e9v\u00eaque, Karl), Jacques Goasguen (Goetz), Henri Kuhn (Nasty), Michel Morano (L\u2019archev\u00eaque, Tetzel), Monique Morelli (Hilda)<\/em><br \/>\n<em> Luc Nicolas (Coriph\u00e9e II, Herman), Georges-Henri R\u00e9gnier (Heinrich)<\/em><\/p>\nngg_shortcode_0_placeholder\n","protected":false},"excerpt":{"rendered":"<p>de Jean-Paul Sartre. Mise en sc\u00e8ne Jean-Pierre Laruy. Centre Th\u00e9\u00e2tral du Limousin (Limoges) Sc\u00e9nographie Georges-Henri R\u00e9gnier. Interpr\u00e9tation : Monica Boucheix (Coryph\u00e9e II, L\u2019instructrice), Maurice Cimber (Le banquier), Claire Deluca (Catherine), Jean-Pierre Dorian (L\u2019\u00e9v\u00eaque, Karl), Jacques Goasguen (Goetz), Henri Kuhn (Nasty), Michel Morano (L\u2019archev\u00eaque, Tetzel), Monique Morelli (Hilda) Luc Nicolas (Coriph\u00e9e II, Herman), Georges-Henri R\u00e9gnier (Heinrich)<\/p>\n","protected":false},"author":1,"featured_media":7243,"comment_status":"open","ping_status":"open","sticky":false,"template":"","format":"standard","meta":{"ngg_post_thumbnail":0,"footnotes":""},"categories":[4],"tags":[302,301,300],"class_list":["post-7060","post","type-post","status-publish","format-standard","has-post-thumbnail","hentry","category-spectacles","tag-centre-theatral-du-limousin","tag-jean-pierre-laruy","tag-sartre"],"_links":{"self":[{"href":"https:\/\/archivesnicolastreatt.net\/newversion\/wp-json\/wp\/v2\/posts\/7060","targetHints":{"allow":["GET"]}}],"collection":[{"href":"https:\/\/archivesnicolastreatt.net\/newversion\/wp-json\/wp\/v2\/posts"}],"about":[{"href":"https:\/\/archivesnicolastreatt.net\/newversion\/wp-json\/wp\/v2\/types\/post"}],"author":[{"embeddable":true,"href":"https:\/\/archivesnicolastreatt.net\/newversion\/wp-json\/wp\/v2\/users\/1"}],"replies":[{"embeddable":true,"href":"https:\/\/archivesnicolastreatt.net\/newversion\/wp-json\/wp\/v2\/comments?post=7060"}],"version-history":[{"count":0,"href":"https:\/\/archivesnicolastreatt.net\/newversion\/wp-json\/wp\/v2\/posts\/7060\/revisions"}],"wp:featuredmedia":[{"embeddable":true,"href":"https:\/\/archivesnicolastreatt.net\/newversion\/wp-json\/wp\/v2\/media\/7243"}],"wp:attachment":[{"href":"https:\/\/archivesnicolastreatt.net\/newversion\/wp-json\/wp\/v2\/media?parent=7060"}],"wp:term":[{"taxonomy":"category","embeddable":true,"href":"https:\/\/archivesnicolastreatt.net\/newversion\/wp-json\/wp\/v2\/categories?post=7060"},{"taxonomy":"post_tag","embeddable":true,"href":"https:\/\/archivesnicolastreatt.net\/newversion\/wp-json\/wp\/v2\/tags?post=7060"}],"curies":[{"name":"wp","href":"https:\/\/api.w.org\/{rel}","templated":true}]}}